{"id":830,"date":"2024-05-28T13:10:04","date_gmt":"2024-05-28T13:10:04","guid":{"rendered":"http:\/\/stamm-sma.de\/?p=830"},"modified":"2024-05-28T13:10:05","modified_gmt":"2024-05-28T13:10:05","slug":"landespfingstlager-2024","status":"publish","type":"post","link":"http:\/\/stamm-sma.de\/?p=830","title":{"rendered":"Landespfingstlager 2024"},"content":{"rendered":"<p><em>am 28.05.2024<\/em><\/p>\n<p>Alles vier Jahre treffen sich alle BdP St\u00e4mme des Landesverbandes Bayern zu einem gemeinsamen Landespfingstlager. Dieses Jahr fand dieses &#8222;Lapfila&#8220; auf einem Zeltplatz bei Thalm\u00e4ssing statt, bei dem sich rund 900 Pfadfinderinnen und Pfadfinder einfanden. War das Wetter im Vorfeld noch etwas unbest\u00e4ndig, so konnten die St\u00e4mme ihre Lager bei strahlendem Sonnenschein errichten und mit vollem Elan in eine spannende Woche voller Programm starten. W\u00e4hrend die W\u00f6lflinge vor allem in die Spielgeschichte um den Streaming-Dienst &#8222;Pfadflix&#8220; eintauchten, freuten sich die Sipplinge und Rover ihre Freunde aus den verschiedenen St\u00e4mmen wieder sehen zu d\u00fcrfen. Um den Lagerplatz wohnlicher zu gestalten, wurden Lagerbauten errichtet und Schilder zu den einzelnen St\u00e4mmen bemalt. W\u00e4hrend der &#8222;RAUS&#8220;-Tage konnten die Sippen die umliegende Umgebung erkunden und dabei kniffelige Aufgaben zu ihrem Hajik l\u00f6sen. Die Rover freuten sich insbesondere \u00fcber das &#8222;Cafe&#8220;, eine Zeltbar, bei sie am Abend eingefunden und das ein oder andere kalte Getr\u00e4nk genossen werden durfte. Ein Highlight hier war inbesondere die &#8222;Silent-Disco&#8220;, bei der bis in die Morgenstunden getanzt wurde. Bis auf ein paar Regenschauer hielt das Wetter stand, wodurch auch der Singewettstreit und die Open Stage unter freiem Himmel wie geplant durchgef\u00fchrt werden konnten. Nach einer Woche k\u00f6nnen wir auf ein besonderes Lager zur\u00fcckblicken, bei dem ein jeder Teilnehmer voll auf seine Kosten kam!<\/p>\n\n\n<figure class=\"wp-block-image size-large is-resized\"><img loading=\"lazy\" src=\"http:\/\/stamm-sma.de\/wp-content\/uploads\/2024\/05\/Gruppenbild_Lagertor_Lapfila_2024-939x1024.jpeg\" alt=\"\" class=\"wp-image-831\" width=\"428\" height=\"467\" srcset=\"http:\/\/stamm-sma.de\/wp-content\/uploads\/2024\/05\/Gruppenbild_Lagertor_Lapfila_2024-939x1024.jpeg 939w, http:\/\/stamm-sma.de\/wp-content\/uploads\/2024\/05\/Gruppenbild_Lagertor_Lapfila_2024-275x300.jpeg 275w, http:\/\/stamm-sma.de\/wp-content\/uploads\/2024\/05\/Gruppenbild_Lagertor_Lapfila_2024-768x838.jpeg 768w, http:\/\/stamm-sma.de\/wp-content\/uploads\/2024\/05\/Gruppenbild_Lagertor_Lapfila_2024-1408x1536.jpeg 1408w, http:\/\/stamm-sma.de\/wp-content\/uploads\/2024\/05\/Gruppenbild_Lagertor_Lapfila_2024.jpeg 1512w\" sizes=\"(max-width: 428px) 100vw, 428px\" \/><figcaption><em>Unser Stamm am Lagertor des Lapfila 2024<\/em><\/figcaption><\/figure>\n","protected":false},"excerpt":{"rendered":"<p>am 28.05.2024 Alles vier Jahre treffen sich alle BdP St\u00e4mme des Landesverbandes Bayern zu einem gemeinsamen Landespfingstlager. Dieses Jahr fand dieses &#8222;Lapfila&#8220; auf einem Zeltplatz bei Thalm\u00e4ssing statt, bei dem sich rund 900 Pfadfinderinnen und Pfadfinder einfanden. War das Wetter im Vorfeld noch etwas unbest\u00e4ndig, so konnten die St\u00e4mme ihre Lager bei strahlendem Sonnenschein errichten [&hellip;]<\/p>\n","protected":false},"author":1,"featured_media":0,"comment_status":"open","ping_status":"open","sticky":false,"template":"","format":"standard","meta":{"ngg_post_thumbnail":0},"categories":[1],"tags":[],"_links":{"self":[{"href":"http:\/\/stamm-sma.de\/index.php?rest_route=\/wp\/v2\/posts\/830"}],"collection":[{"href":"http:\/\/stamm-sma.de\/index.php?rest_route=\/wp\/v2\/posts"}],"about":[{"href":"http:\/\/stamm-sma.de\/index.php?rest_route=\/wp\/v2\/types\/post"}],"author":[{"embeddable":true,"href":"http:\/\/stamm-sma.de\/index.php?rest_route=\/wp\/v2\/users\/1"}],"replies":[{"embeddable":true,"href":"http:\/\/stamm-sma.de\/index.php?rest_route=%2Fwp%2Fv2%2Fcomments&post=830"}],"version-history":[{"count":2,"href":"http:\/\/stamm-sma.de\/index.php?rest_route=\/wp\/v2\/posts\/830\/revisions"}],"predecessor-version":[{"id":833,"href":"http:\/\/stamm-sma.de\/index.php?rest_route=\/wp\/v2\/posts\/830\/revisions\/833"}],"wp:attachment":[{"href":"http:\/\/stamm-sma.de\/index.php?rest_route=%2Fwp%2Fv2%2Fmedia&parent=830"}],"wp:term":[{"taxonomy":"category","embeddable":true,"href":"http:\/\/stamm-sma.de\/index.php?rest_route=%2Fwp%2Fv2%2Fcategories&post=830"},{"taxonomy":"post_tag","embeddable":true,"href":"http:\/\/stamm-sma.de\/index.php?rest_route=%2Fwp%2Fv2%2Ftags&post=830"}],"curies":[{"name":"wp","href":"https:\/\/api.w.org\/{rel}","templated":true}]}}