{"id":820,"date":"2024-05-28T12:29:08","date_gmt":"2024-05-28T12:29:08","guid":{"rendered":"http:\/\/stamm-sma.de\/?p=820"},"modified":"2024-05-28T12:48:21","modified_gmt":"2024-05-28T12:48:21","slug":"winterlager-2024","status":"publish","type":"post","link":"http:\/\/stamm-sma.de\/?p=820","title":{"rendered":"Winterlager 2024"},"content":{"rendered":"<p><em>am 16.01.2024<\/em><\/p>\n<p>Dieses Jahr ging es f\u00fcr unser Winterlager nach M\u00fcnchen in Heim vom Stamm Albatros. Das Heim bietet eine Menge M\u00f6glichkeiten spannendes Programm drinnen in den verschiedenen Gruppenr\u00e4umen durchzuf\u00fchren, sowie auch Gel\u00e4ndespiele drau\u00dfen im nahegelegenen Wald. Das Thema lautete &#8222;Wikinger&#8220;: Die beiden H\u00e4uptlinge Henri Henrison und Olaf Olafson sind auf der Suche nach einer neuen Mannschaft, und bilden daf\u00fcr unsere heranwachsenden Pfadfinder zu waschechten Kriegern aus! Neben rasanten Duellen im Wald, bei denen Lager errichtet und Gold erbeutet wurde, fanden auch ruhigere Programmpunkte statt. Die Kinder konnten sich an verschiedenen handwerklichen Stationen kreativ austoben, sei es beim Bau eines M\u00fchlespiels aus Leder oder einer Trommel aus Dosen und Luftballons. Am Abend fanden sich gro\u00df und klein dann zusammen, um Geschichten zu lauschen oder gemeinsam Lieder zu schmettern. Alles in allem war es rundherum gelungenes Lager, das allen Beteiligten gro\u00dfe Freude bereitete und bei dem ein paar waschechte Wikinger ausgebildet wurden \ud83d\ude09<\/p>\n\n\n<figure class=\"wp-block-image size-large is-resized\"><img loading=\"lazy\" src=\"http:\/\/stamm-sma.de\/wp-content\/uploads\/2024\/05\/Wikinger-2-644x1024.jpeg\" alt=\"\" class=\"wp-image-828\" width=\"282\" height=\"448\" srcset=\"http:\/\/stamm-sma.de\/wp-content\/uploads\/2024\/05\/Wikinger-2-644x1024.jpeg 644w, http:\/\/stamm-sma.de\/wp-content\/uploads\/2024\/05\/Wikinger-2-189x300.jpeg 189w, http:\/\/stamm-sma.de\/wp-content\/uploads\/2024\/05\/Wikinger-2-768x1221.jpeg 768w, http:\/\/stamm-sma.de\/wp-content\/uploads\/2024\/05\/Wikinger-2-966x1536.jpeg 966w, http:\/\/stamm-sma.de\/wp-content\/uploads\/2024\/05\/Wikinger-2.jpeg 984w\" sizes=\"(max-width: 282px) 100vw, 282px\" \/><figcaption><em>Die beiden Stammesh\u00e4uptlinge Henri Henrison und Olaf Olafson<\/em><\/figcaption><\/figure>\n","protected":false},"excerpt":{"rendered":"<p>am 16.01.2024 Dieses Jahr ging es f\u00fcr unser Winterlager nach M\u00fcnchen in Heim vom Stamm Albatros. Das Heim bietet eine Menge M\u00f6glichkeiten spannendes Programm drinnen in den verschiedenen Gruppenr\u00e4umen durchzuf\u00fchren, sowie auch Gel\u00e4ndespiele drau\u00dfen im nahegelegenen Wald. Das Thema lautete &#8222;Wikinger&#8220;: Die beiden H\u00e4uptlinge Henri Henrison und Olaf Olafson sind auf der Suche nach einer [&hellip;]<\/p>\n","protected":false},"author":1,"featured_media":0,"comment_status":"open","ping_status":"open","sticky":false,"template":"","format":"standard","meta":{"ngg_post_thumbnail":0},"categories":[1],"tags":[],"_links":{"self":[{"href":"http:\/\/stamm-sma.de\/index.php?rest_route=\/wp\/v2\/posts\/820"}],"collection":[{"href":"http:\/\/stamm-sma.de\/index.php?rest_route=\/wp\/v2\/posts"}],"about":[{"href":"http:\/\/stamm-sma.de\/index.php?rest_route=\/wp\/v2\/types\/post"}],"author":[{"embeddable":true,"href":"http:\/\/stamm-sma.de\/index.php?rest_route=\/wp\/v2\/users\/1"}],"replies":[{"embeddable":true,"href":"http:\/\/stamm-sma.de\/index.php?rest_route=%2Fwp%2Fv2%2Fcomments&post=820"}],"version-history":[{"count":3,"href":"http:\/\/stamm-sma.de\/index.php?rest_route=\/wp\/v2\/posts\/820\/revisions"}],"predecessor-version":[{"id":829,"href":"http:\/\/stamm-sma.de\/index.php?rest_route=\/wp\/v2\/posts\/820\/revisions\/829"}],"wp:attachment":[{"href":"http:\/\/stamm-sma.de\/index.php?rest_route=%2Fwp%2Fv2%2Fmedia&parent=820"}],"wp:term":[{"taxonomy":"category","embeddable":true,"href":"http:\/\/stamm-sma.de\/index.php?rest_route=%2Fwp%2Fv2%2Fcategories&post=820"},{"taxonomy":"post_tag","embeddable":true,"href":"http:\/\/stamm-sma.de\/index.php?rest_route=%2Fwp%2Fv2%2Ftags&post=820"}],"curies":[{"name":"wp","href":"https:\/\/api.w.org\/{rel}","templated":true}]}}