{"id":812,"date":"2023-11-03T23:58:26","date_gmt":"2023-11-03T23:58:26","guid":{"rendered":"http:\/\/stamm-sma.de\/?p=812"},"modified":"2023-11-04T00:01:00","modified_gmt":"2023-11-04T00:01:00","slug":"ferienprogramm-2023","status":"publish","type":"post","link":"http:\/\/stamm-sma.de\/?p=812","title":{"rendered":"Ferienprogramm 2023"},"content":{"rendered":"\n<p><em>am<\/em> <em>11.09.2023<\/em><\/p>\n\n\n\n<p>Wie jedes Jahr fand auch dieses Jahr unsere Ferienprogramm statt, mit viel Spa\u00df, guten Essen und einem Tag voller Programmpunkte.<br>Auf uns liegt seit Jahren der Schlechtwetterfluch, und wie immer sollte es auch dieses Mal wieder aus K\u00fcbeln sch\u00fctten, aber davon lassen wir uns schon lange nicht mehr aufhalten!<br>Um 13:00 Uhr trafen die ersten Kinder ein, sie schauten sich neugierig um und erblickten einige bekannte Gesichter.<br>Wir gro\u00dfen Pfadfinderinnen waren ganz gespannt, wer heute den Weg zum Foxbau fand und wir wurden auf jeden Fall nicht entt\u00e4uscht, denn schon wenig sp\u00e4ter wuselten gut 30 Kinder um uns herum. Als Einstieg spielten wir in Kleingruppen coole Pfadi-Spiele wie Ninja, Jippi-Fee oder das Fliegerspiel, damit wir uns gegenseitig kennenlernen konnten. Bis dahin war die Wetterg\u00f6ttin gn\u00e4dig, denn der Regen lie\u00df auf sich warten. Wenig sp\u00e4ter jedoch war es aus mit der Sonne und wir mussten ins Haus umziehen, aber kein Problem! Hier warteten in jedem Raum neue Abenteuer auf die Kinder: Zu aller Erst gab es eine Bastel-AG und eine Spiele-AG, wobei sich die Kids eigene Pfadfinderinnenhalst\u00fccher gestalten durften und weitere lustige Spiele erleben konnten.<br>Nach einer ausgiebigen Eispause, in der Udo sein legend\u00e4res Eis gemacht hat, das wie immer ein Spektakel zum Zuschauen war, startete der zweite Teil des Ferienprogramms.<br>Auch hier gab es viel Spannendes zu entdecken: Eine Sinnes-AG, eine R\u00e4tselstation, ein Lichtspiel und noch Vieles mehr wartete drauf, erobert zu werden. Der Foxbau war gef\u00fcllt mit Spa\u00df, rauchenden K\u00f6pfen und Gel\u00e4chter.<br>Nach dem Tag voller Aktionen hatten wir alle einen B\u00e4renhunger, aber zum Gl\u00fcck hatte unser K\u00fcchenteam eine riesige Pizza gezaubert!<br>In nullkommanichts waren alle Teller leergeputzt, alle M\u00e4gen gef\u00fcllt und der Kopf rauschte, denn so ein Tag war doch ziemlich anstrengend!<br>M\u00fcde, ausgepowert und gl\u00fccklich wurden unsere Ferienprogrammkinder um 20:30 Uhr von ihren Eltern abgeholt und f\u00fcr uns ging ein weiteres Ferienprogramm zu Ende.<br>Gut Pfad und bis zum n\u00e4chsten erfolgreichen Ferienprogramm!<\/p>\n\n\n\n<p><em>Sascha &lt;3<\/em><\/p>\n\n\n\n<figure class=\"wp-block-image size-large\"><img loading=\"lazy\" width=\"1024\" height=\"771\" src=\"http:\/\/stamm-sma.de\/wp-content\/uploads\/2023\/11\/WhatsApp-Image-2023-11-04-at-00.58.47-1024x771.jpeg\" alt=\"\" class=\"wp-image-815\" srcset=\"http:\/\/stamm-sma.de\/wp-content\/uploads\/2023\/11\/WhatsApp-Image-2023-11-04-at-00.58.47-1024x771.jpeg 1024w, http:\/\/stamm-sma.de\/wp-content\/uploads\/2023\/11\/WhatsApp-Image-2023-11-04-at-00.58.47-300x226.jpeg 300w, http:\/\/stamm-sma.de\/wp-content\/uploads\/2023\/11\/WhatsApp-Image-2023-11-04-at-00.58.47-768x578.jpeg 768w, http:\/\/stamm-sma.de\/wp-content\/uploads\/2023\/11\/WhatsApp-Image-2023-11-04-at-00.58.47-1536x1157.jpeg 1536w, http:\/\/stamm-sma.de\/wp-content\/uploads\/2023\/11\/WhatsApp-Image-2023-11-04-at-00.58.47.jpeg 2040w\" sizes=\"(max-width: 1024px) 100vw, 1024px\" \/><\/figure>\n\n\n\n<p><em>Alle Kinder warten gespannt w\u00e4hrend unser Pfadi-Chemiker Udo das Stickstoff-Eis zubereitet<\/em><\/p>\n","protected":false},"excerpt":{"rendered":"<p>am 11.09.2023 Wie jedes Jahr fand auch dieses Jahr unsere Ferienprogramm statt, mit viel Spa\u00df, guten Essen und einem Tag voller Programmpunkte.Auf uns liegt seit Jahren der Schlechtwetterfluch, und wie immer sollte es auch dieses Mal wieder aus K\u00fcbeln sch\u00fctten, aber davon lassen wir uns schon lange nicht mehr aufhalten!Um 13:00 Uhr trafen die ersten [&hellip;]<\/p>\n","protected":false},"author":1,"featured_media":0,"comment_status":"open","ping_status":"open","sticky":false,"template":"","format":"standard","meta":{"ngg_post_thumbnail":0},"categories":[1],"tags":[],"_links":{"self":[{"href":"http:\/\/stamm-sma.de\/index.php?rest_route=\/wp\/v2\/posts\/812"}],"collection":[{"href":"http:\/\/stamm-sma.de\/index.php?rest_route=\/wp\/v2\/posts"}],"about":[{"href":"http:\/\/stamm-sma.de\/index.php?rest_route=\/wp\/v2\/types\/post"}],"author":[{"embeddable":true,"href":"http:\/\/stamm-sma.de\/index.php?rest_route=\/wp\/v2\/users\/1"}],"replies":[{"embeddable":true,"href":"http:\/\/stamm-sma.de\/index.php?rest_route=%2Fwp%2Fv2%2Fcomments&post=812"}],"version-history":[{"count":3,"href":"http:\/\/stamm-sma.de\/index.php?rest_route=\/wp\/v2\/posts\/812\/revisions"}],"predecessor-version":[{"id":818,"href":"http:\/\/stamm-sma.de\/index.php?rest_route=\/wp\/v2\/posts\/812\/revisions\/818"}],"wp:attachment":[{"href":"http:\/\/stamm-sma.de\/index.php?rest_route=%2Fwp%2Fv2%2Fmedia&parent=812"}],"wp:term":[{"taxonomy":"category","embeddable":true,"href":"http:\/\/stamm-sma.de\/index.php?rest_route=%2Fwp%2Fv2%2Fcategories&post=812"},{"taxonomy":"post_tag","embeddable":true,"href":"http:\/\/stamm-sma.de\/index.php?rest_route=%2Fwp%2Fv2%2Ftags&post=812"}],"curies":[{"name":"wp","href":"https:\/\/api.w.org\/{rel}","templated":true}]}}