{"id":807,"date":"2023-10-29T21:09:52","date_gmt":"2023-10-29T21:09:52","guid":{"rendered":"http:\/\/stamm-sma.de\/?p=807"},"modified":"2023-10-29T21:29:35","modified_gmt":"2023-10-29T21:29:35","slug":"schweden-bundesfahrt-2023","status":"publish","type":"post","link":"http:\/\/stamm-sma.de\/?p=807","title":{"rendered":"Schweden-Bundesfahrt 2023"},"content":{"rendered":"\n<p><em>am 20.08.2023<\/em><\/p>\n\n\n\n<p>Um \u00fcberhaupt zu unserem Lagerplatz, der n\u00f6rdlich von G\u00f6teborg lag, zu kommen, mussten wir zuerst nach Rostock mit dem Auto fahren, von wo wir dann mit der F\u00e4hre in den S\u00fcden von Schweden kamen. Allerdings lag dann immer noch eine Autofahrt von fast 5 Stunden vor uns, sodass wir erst am Abend ankamen, obwohl wir schon am vorigen Abend losgefahren waren. Am Lagerplatz angekommen wurden wir freundlich begr\u00fc\u00dft und wir bauten direkt unsere Zelte auf, da es schon d\u00e4mmerte. Am n\u00e4chsten Tag begannen direkt die AGS, aber da wir so sp\u00e4t angekommen waren mussten wir so viele Organisatorische Dinge noch erledigen, dass wir nicht mehr viel Zeit f\u00fcr AGs hatten. Allerdings hatten wir ihn den n\u00e4chsten Tagen genug Zeit um alle AGS auszuprobieren und nach 4 Tagen war unser Festlager auch schon vorbei. Als wir unser Zeug zusammengepackt hatten, brachen wir auf eine, wie sich bald herausstellen sollte, regnerische 5-t\u00e4gige Kanufahrt auf, bei der wir die unglaubliche Natur Schwedens bewundern konnten, zumindest zu den Zeiten zu denen es nicht geregnet hat. Wir mussten die Kanufahrt allerdings leider abbrechen, da eine Orkan- und Flutwarnung uns vertrieb, also reisten wir zur\u00fcck nach Deutschland, genauer gesagt Berlin. Wir verbrachten 2 N\u00e4chte in einem Pfadfinderheim, welches uns netterweise zur Verf\u00fcgung gestellt wurde und fuhren dann weiter Nach Potsdam, wo uns eine anstrengende 4 Tage lange Wanderung erwartete. Wir wanderten um mehrere kleine Seen, durch W\u00e4lder und kleinere Ortschaften. wobei wir unsere Zelte, Klamotten und Lebensmittel immer auf unseren R\u00fccken trugen. Am Ende der Fahrt blickte ich zur\u00fcck auf alles was wir geleistet und getan hatten und ich wollte noch l\u00e4nger bleiben, aber mir war klar dass man aufh\u00f6ren muss, wenn&#8217;s am sch\u00f6nsten ist, und so muss auch dieser Bericht aufh\u00f6ren.<\/p>\n\n\n\n<p><em>Benno (Sippe Edelwei\u00df)<\/em><\/p>\n\n\n\n<figure class=\"wp-block-image size-large is-resized\"><img loading=\"lazy\" src=\"http:\/\/stamm-sma.de\/wp-content\/uploads\/2023\/10\/WhatsApp-Image-2023-10-29-at-22.23.46-1024x768.jpeg\" alt=\"\" class=\"wp-image-809\" width=\"532\" height=\"399\" srcset=\"http:\/\/stamm-sma.de\/wp-content\/uploads\/2023\/10\/WhatsApp-Image-2023-10-29-at-22.23.46-1024x768.jpeg 1024w, http:\/\/stamm-sma.de\/wp-content\/uploads\/2023\/10\/WhatsApp-Image-2023-10-29-at-22.23.46-300x225.jpeg 300w, http:\/\/stamm-sma.de\/wp-content\/uploads\/2023\/10\/WhatsApp-Image-2023-10-29-at-22.23.46-768x576.jpeg 768w, http:\/\/stamm-sma.de\/wp-content\/uploads\/2023\/10\/WhatsApp-Image-2023-10-29-at-22.23.46-1536x1152.jpeg 1536w, http:\/\/stamm-sma.de\/wp-content\/uploads\/2023\/10\/WhatsApp-Image-2023-10-29-at-22.23.46.jpeg 2016w\" sizes=\"(max-width: 532px) 100vw, 532px\" \/><\/figure>\n\n\n\n<p><em>Die ganze Fahrten-Truppe gut ger\u00fcstet f\u00fcr die Kanu-Tour!<\/em><\/p>\n","protected":false},"excerpt":{"rendered":"<p>am 20.08.2023 Um \u00fcberhaupt zu unserem Lagerplatz, der n\u00f6rdlich von G\u00f6teborg lag, zu kommen, mussten wir zuerst nach Rostock mit dem Auto fahren, von wo wir dann mit der F\u00e4hre in den S\u00fcden von Schweden kamen. Allerdings lag dann immer noch eine Autofahrt von fast 5 Stunden vor uns, sodass wir erst am Abend ankamen, [&hellip;]<\/p>\n","protected":false},"author":1,"featured_media":0,"comment_status":"open","ping_status":"open","sticky":false,"template":"","format":"standard","meta":{"ngg_post_thumbnail":0},"categories":[1],"tags":[],"_links":{"self":[{"href":"http:\/\/stamm-sma.de\/index.php?rest_route=\/wp\/v2\/posts\/807"}],"collection":[{"href":"http:\/\/stamm-sma.de\/index.php?rest_route=\/wp\/v2\/posts"}],"about":[{"href":"http:\/\/stamm-sma.de\/index.php?rest_route=\/wp\/v2\/types\/post"}],"author":[{"embeddable":true,"href":"http:\/\/stamm-sma.de\/index.php?rest_route=\/wp\/v2\/users\/1"}],"replies":[{"embeddable":true,"href":"http:\/\/stamm-sma.de\/index.php?rest_route=%2Fwp%2Fv2%2Fcomments&post=807"}],"version-history":[{"count":2,"href":"http:\/\/stamm-sma.de\/index.php?rest_route=\/wp\/v2\/posts\/807\/revisions"}],"predecessor-version":[{"id":811,"href":"http:\/\/stamm-sma.de\/index.php?rest_route=\/wp\/v2\/posts\/807\/revisions\/811"}],"wp:attachment":[{"href":"http:\/\/stamm-sma.de\/index.php?rest_route=%2Fwp%2Fv2%2Fmedia&parent=807"}],"wp:term":[{"taxonomy":"category","embeddable":true,"href":"http:\/\/stamm-sma.de\/index.php?rest_route=%2Fwp%2Fv2%2Fcategories&post=807"},{"taxonomy":"post_tag","embeddable":true,"href":"http:\/\/stamm-sma.de\/index.php?rest_route=%2Fwp%2Fv2%2Ftags&post=807"}],"curies":[{"name":"wp","href":"https:\/\/api.w.org\/{rel}","templated":true}]}}