{"id":795,"date":"2023-09-29T09:12:36","date_gmt":"2023-09-29T09:12:36","guid":{"rendered":"http:\/\/stamm-sma.de\/?p=795"},"modified":"2023-09-29T09:21:40","modified_gmt":"2023-09-29T09:21:40","slug":"bezirkspfingslager-2023","status":"publish","type":"post","link":"http:\/\/stamm-sma.de\/?p=795","title":{"rendered":"Bezirkspfingslager 2023"},"content":{"rendered":"\n<p><em>am 05.06.2023<\/em><\/p>\n\n\n\n<p>Unser diesj\u00e4hriges Bezirkspfingstlager fand am Zeltplatz des KJR Traunstein in Sch\u00fctzing statt. Verschiedene befreundete St\u00e4mme kamen hier zusammen, um gemeinsam ein paar sch\u00f6ne und aktive Tage zu verbringen. Los ging es es mit einer Lagerolympiade, bei der alle Teilnehmer ihre Geschicklichkeit unter Beweis stellen konnte, sei es beim Gummistiefel Zielwerfen oder beim Teebeutel Weitwurf. Bei verschiedenen AGs konnten sich die Teilnehmer nach Lust und Laune austoben, sei es beim Errichten eines eigenen Lagerturms aus Baumst\u00e4mmen, oder beim Flechten von bunten Hippie-Str\u00e4hnen in den Haaren, wenn es etwas ruhiger zugehen durfte. Zwischendurch blieb immer mal wieder Zeit f\u00fcr ein erfrischendes Bad im Chiemsee, um wieder abzuk\u00fchlen und neuen Schwung f\u00fcr das Programm zu haben. Ein Highlight war auch die H\u00fcpfburg, die den kleinen und gro\u00dfen Kindern sichtlich Freude bereitete. Am Abend wurde in gro\u00dfer Runde am Lagerfeuer gesungen, wobei auch das typischer Pfadi-Getr\u00e4nk &#8222;Hei\u00dfer Chai&#8220; nicht fehlen durfte.<br>Alles in allem waren es ein gelungenes Lager, bei dem alte Bekanntschaften aufgefrischt und neue Freundschaften gekn\u00fcpft werden konnten. Wir bedanken uns bei allen teilnehmenden St\u00e4mmen und freuen uns aufs n\u00e4chste Mal in vier Jahren!<\/p>\n\n\n\n<div class=\"wp-block-image\"><figure class=\"aligncenter size-large is-resized\"><img src=\"http:\/\/stamm-sma.de\/wp-content\/uploads\/2023\/09\/Bild_Bezipfila_23_Bene-edited.jpg\" alt=\"\" class=\"wp-image-803\" width=\"442\" srcset=\"http:\/\/stamm-sma.de\/wp-content\/uploads\/2023\/09\/Bild_Bezipfila_23_Bene-edited.jpg 1030w, http:\/\/stamm-sma.de\/wp-content\/uploads\/2023\/09\/Bild_Bezipfila_23_Bene-edited-169x300.jpg 169w, http:\/\/stamm-sma.de\/wp-content\/uploads\/2023\/09\/Bild_Bezipfila_23_Bene-edited-575x1024.jpg 575w, http:\/\/stamm-sma.de\/wp-content\/uploads\/2023\/09\/Bild_Bezipfila_23_Bene-edited-768x1367.jpg 768w, http:\/\/stamm-sma.de\/wp-content\/uploads\/2023\/09\/Bild_Bezipfila_23_Bene-edited-863x1536.jpg 863w\" sizes=\"(max-width: 1030px) 100vw, 1030px\" \/><\/figure><\/div>\n\n\n\n<p><em>Stammesf\u00fchrer Bene mit vollem Einsatz dabei!<\/em><\/p>\n","protected":false},"excerpt":{"rendered":"<p>am 05.06.2023 Unser diesj\u00e4hriges Bezirkspfingstlager fand am Zeltplatz des KJR Traunstein in Sch\u00fctzing statt. Verschiedene befreundete St\u00e4mme kamen hier zusammen, um gemeinsam ein paar sch\u00f6ne und aktive Tage zu verbringen. Los ging es es mit einer Lagerolympiade, bei der alle Teilnehmer ihre Geschicklichkeit unter Beweis stellen konnte, sei es beim Gummistiefel Zielwerfen oder beim Teebeutel [&hellip;]<\/p>\n","protected":false},"author":1,"featured_media":0,"comment_status":"open","ping_status":"open","sticky":false,"template":"","format":"standard","meta":{"ngg_post_thumbnail":0},"categories":[1],"tags":[],"_links":{"self":[{"href":"http:\/\/stamm-sma.de\/index.php?rest_route=\/wp\/v2\/posts\/795"}],"collection":[{"href":"http:\/\/stamm-sma.de\/index.php?rest_route=\/wp\/v2\/posts"}],"about":[{"href":"http:\/\/stamm-sma.de\/index.php?rest_route=\/wp\/v2\/types\/post"}],"author":[{"embeddable":true,"href":"http:\/\/stamm-sma.de\/index.php?rest_route=\/wp\/v2\/users\/1"}],"replies":[{"embeddable":true,"href":"http:\/\/stamm-sma.de\/index.php?rest_route=%2Fwp%2Fv2%2Fcomments&post=795"}],"version-history":[{"count":6,"href":"http:\/\/stamm-sma.de\/index.php?rest_route=\/wp\/v2\/posts\/795\/revisions"}],"predecessor-version":[{"id":805,"href":"http:\/\/stamm-sma.de\/index.php?rest_route=\/wp\/v2\/posts\/795\/revisions\/805"}],"wp:attachment":[{"href":"http:\/\/stamm-sma.de\/index.php?rest_route=%2Fwp%2Fv2%2Fmedia&parent=795"}],"wp:term":[{"taxonomy":"category","embeddable":true,"href":"http:\/\/stamm-sma.de\/index.php?rest_route=%2Fwp%2Fv2%2Fcategories&post=795"},{"taxonomy":"post_tag","embeddable":true,"href":"http:\/\/stamm-sma.de\/index.php?rest_route=%2Fwp%2Fv2%2Ftags&post=795"}],"curies":[{"name":"wp","href":"https:\/\/api.w.org\/{rel}","templated":true}]}}