{"id":752,"date":"2022-11-27T17:04:46","date_gmt":"2022-11-27T17:04:46","guid":{"rendered":"http:\/\/stamm-sma.de\/?p=752"},"modified":"2023-05-15T19:00:36","modified_gmt":"2023-05-15T19:00:36","slug":"herbst-klausur-in-schuetzing","status":"publish","type":"post","link":"http:\/\/stamm-sma.de\/?p=752","title":{"rendered":"Herbst-Klausur in Sch\u00fctzing"},"content":{"rendered":"<p><em>am 05.11.2022<\/em><\/p>\n<p>Um so ein ereignisreiches Pfadfinder-Jahr planen zu k\u00f6nnen, bedarf es jedes Jahr gr\u00f6\u00dfere Treffen mit m\u00f6glichst alles Verantwortlichen, um an einem Wochenende eine grobe Richtung f\u00fcr die kommende Zeit geben zu k\u00f6nnen. Die diesj\u00e4hrige &#8222;Herbst-Klausurtagung&#8220; fand im Jugendzentrum des KjR Traunstein in Sch\u00fctzing statt. Teilgenommen haben neben der Stammesf\u00fchrung und einigen motivierten RR&#8217;s auch unsere j\u00fcngste Sippe &#8222;Uhu&#8220;, die sich schon fr\u00fch in die Planung f\u00fcr unseren Stamm einbinden wollten. Als erster Punkt stand etwas neues an: Der Stamm wurde mit all seinen Verantwortlichen auf ein &#8222;Stammes-Schiff&#8220; eingeordnet, um anschaulich zu sehen, wer gerade welche Funktion innehat und wo wir noch verstecktes Potential haben. Ansonsten wurde ganz klassisch das grobe Programm f\u00fcr die kommenden Monate angesetzt und die zust\u00e4ndigen Pfadis daf\u00fcr eingeteilt.<\/p>\n<p>Neben der ganzen Planung darf der Spa\u00df nat\u00fcrlich auch nicht zu kurz kommen. Es wurde viel gespielt, gesungen und miteinander gelacht, und Berge von Pizza verschlungen! Alles in allem war es eine produktive Klausurtagung in sch\u00f6ner Runde, von der man mit Schwung in neue Jahr starten kann.<\/p>\n\n\n<div class=\"wp-block-image\"><figure class=\"aligncenter size-large is-resized\"><img loading=\"lazy\" src=\"http:\/\/stamm-sma.de\/wp-content\/uploads\/2023\/05\/Klausurtagung-1024x768.jpg\" alt=\"\" class=\"wp-image-777\" width=\"512\" height=\"384\" srcset=\"http:\/\/stamm-sma.de\/wp-content\/uploads\/2023\/05\/Klausurtagung-1024x768.jpg 1024w, http:\/\/stamm-sma.de\/wp-content\/uploads\/2023\/05\/Klausurtagung-300x225.jpg 300w, http:\/\/stamm-sma.de\/wp-content\/uploads\/2023\/05\/Klausurtagung-768x576.jpg 768w, http:\/\/stamm-sma.de\/wp-content\/uploads\/2023\/05\/Klausurtagung-1536x1152.jpg 1536w, http:\/\/stamm-sma.de\/wp-content\/uploads\/2023\/05\/Klausurtagung-2048x1536.jpg 2048w\" sizes=\"(max-width: 512px) 100vw, 512px\" \/><figcaption><em>Kleines Spiel f\u00fcr zwischendurch<\/em><\/figcaption><\/figure><\/div>\n","protected":false},"excerpt":{"rendered":"<p>am 05.11.2022 Um so ein ereignisreiches Pfadfinder-Jahr planen zu k\u00f6nnen, bedarf es jedes Jahr gr\u00f6\u00dfere Treffen mit m\u00f6glichst alles Verantwortlichen, um an einem Wochenende eine grobe Richtung f\u00fcr die kommende Zeit geben zu k\u00f6nnen. Die diesj\u00e4hrige &#8222;Herbst-Klausurtagung&#8220; fand im Jugendzentrum des KjR Traunstein in Sch\u00fctzing statt. Teilgenommen haben neben der Stammesf\u00fchrung und einigen motivierten RR&#8217;s [&hellip;]<\/p>\n","protected":false},"author":1,"featured_media":0,"comment_status":"open","ping_status":"open","sticky":false,"template":"","format":"standard","meta":{"ngg_post_thumbnail":0},"categories":[1],"tags":[],"_links":{"self":[{"href":"http:\/\/stamm-sma.de\/index.php?rest_route=\/wp\/v2\/posts\/752"}],"collection":[{"href":"http:\/\/stamm-sma.de\/index.php?rest_route=\/wp\/v2\/posts"}],"about":[{"href":"http:\/\/stamm-sma.de\/index.php?rest_route=\/wp\/v2\/types\/post"}],"author":[{"embeddable":true,"href":"http:\/\/stamm-sma.de\/index.php?rest_route=\/wp\/v2\/users\/1"}],"replies":[{"embeddable":true,"href":"http:\/\/stamm-sma.de\/index.php?rest_route=%2Fwp%2Fv2%2Fcomments&post=752"}],"version-history":[{"count":2,"href":"http:\/\/stamm-sma.de\/index.php?rest_route=\/wp\/v2\/posts\/752\/revisions"}],"predecessor-version":[{"id":779,"href":"http:\/\/stamm-sma.de\/index.php?rest_route=\/wp\/v2\/posts\/752\/revisions\/779"}],"wp:attachment":[{"href":"http:\/\/stamm-sma.de\/index.php?rest_route=%2Fwp%2Fv2%2Fmedia&parent=752"}],"wp:term":[{"taxonomy":"category","embeddable":true,"href":"http:\/\/stamm-sma.de\/index.php?rest_route=%2Fwp%2Fv2%2Fcategories&post=752"},{"taxonomy":"post_tag","embeddable":true,"href":"http:\/\/stamm-sma.de\/index.php?rest_route=%2Fwp%2Fv2%2Ftags&post=752"}],"curies":[{"name":"wp","href":"https:\/\/api.w.org\/{rel}","templated":true}]}}