{"id":750,"date":"2022-11-27T16:51:55","date_gmt":"2022-11-27T16:51:55","guid":{"rendered":"http:\/\/stamm-sma.de\/?p=750"},"modified":"2023-05-15T18:59:09","modified_gmt":"2023-05-15T18:59:09","slug":"ferienprogramm-fuers-achental","status":"publish","type":"post","link":"http:\/\/stamm-sma.de\/?p=750","title":{"rendered":"Ferienprogramm f\u00fcrs Achental"},"content":{"rendered":"<p><em>am 15.09.2022<\/em><\/p>\n<p>Wie jedes Jahr stand am Ende der Sommerferien unser Ferienprogramm f\u00fcr alle Kinder der umliegenden Gemeinden aus dem Achental statt. Das Angebot wurde rege genutzt, was f\u00fcr uns als Stamm immer eine sehr gute M\u00f6glichkeit ist, unsere Arbeit als Pfadfinder zu pr\u00e4sentieren. Trotz einiger Regentropfen ging es los mit einigen Kennenlernspielen, um&nbsp; in der unbekannten Runde etwas besser in Kontakt miteinander zu kommen. Im Hauptprogramm durften sich die Kinder in vier Kleingruppen zusammenfinden, und mussten hier als Team zun\u00e4chst einmal einen Lagerplatz errichten. Als n\u00e4chstes erspielten die Teilnehmer sich Goldm\u00fcnzen, die sie am Markplatz gegen allerlei Material eintauschen konnten: Schn\u00fcre, Scheren, Klebepistolen, und so weiter. Allerdings mussten die Kinder auf der Hut sein, waren doch R\u00e4uber unterwegs, um ihnen all das wieder abzukn\u00f6pfen. Nachdem gen\u00fcgend Material erspielt wurde, wurden damit kleine Fantasiewelten gebastelt. Hier konnten die Teilnehmer ihrer Kreativit\u00e4t vollen Lauf lassen. Zum Abschluss gab es am Abend noch Stockbrot \u00fcber dem Lagerfeuer, um nach den ganzen Strapazen wieder zu Kr\u00e4ften zu kommen.<\/p>\n\n\n<div class=\"wp-block-image\"><figure class=\"aligncenter size-large is-resized\"><img loading=\"lazy\" src=\"http:\/\/stamm-sma.de\/wp-content\/uploads\/2023\/05\/Ferienprogramm2-1024x769.jpg\" alt=\"\" class=\"wp-image-775\" width=\"586\" height=\"440\" srcset=\"http:\/\/stamm-sma.de\/wp-content\/uploads\/2023\/05\/Ferienprogramm2-1024x769.jpg 1024w, http:\/\/stamm-sma.de\/wp-content\/uploads\/2023\/05\/Ferienprogramm2-300x225.jpg 300w, http:\/\/stamm-sma.de\/wp-content\/uploads\/2023\/05\/Ferienprogramm2-768x577.jpg 768w, http:\/\/stamm-sma.de\/wp-content\/uploads\/2023\/05\/Ferienprogramm2-1536x1153.jpg 1536w, http:\/\/stamm-sma.de\/wp-content\/uploads\/2023\/05\/Ferienprogramm2-2048x1538.jpg 2048w\" sizes=\"(max-width: 586px) 100vw, 586px\" \/><figcaption><em>Gro\u00dfer Anfangskreis mit allen Kindern und Pfadfindern<\/em><\/figcaption><\/figure><\/div>\n","protected":false},"excerpt":{"rendered":"<p>am 15.09.2022 Wie jedes Jahr stand am Ende der Sommerferien unser Ferienprogramm f\u00fcr alle Kinder der umliegenden Gemeinden aus dem Achental statt. Das Angebot wurde rege genutzt, was f\u00fcr uns als Stamm immer eine sehr gute M\u00f6glichkeit ist, unsere Arbeit als Pfadfinder zu pr\u00e4sentieren. Trotz einiger Regentropfen ging es los mit einigen Kennenlernspielen, um&nbsp; in [&hellip;]<\/p>\n","protected":false},"author":1,"featured_media":0,"comment_status":"open","ping_status":"open","sticky":false,"template":"","format":"standard","meta":{"ngg_post_thumbnail":0},"categories":[1],"tags":[],"_links":{"self":[{"href":"http:\/\/stamm-sma.de\/index.php?rest_route=\/wp\/v2\/posts\/750"}],"collection":[{"href":"http:\/\/stamm-sma.de\/index.php?rest_route=\/wp\/v2\/posts"}],"about":[{"href":"http:\/\/stamm-sma.de\/index.php?rest_route=\/wp\/v2\/types\/post"}],"author":[{"embeddable":true,"href":"http:\/\/stamm-sma.de\/index.php?rest_route=\/wp\/v2\/users\/1"}],"replies":[{"embeddable":true,"href":"http:\/\/stamm-sma.de\/index.php?rest_route=%2Fwp%2Fv2%2Fcomments&post=750"}],"version-history":[{"count":2,"href":"http:\/\/stamm-sma.de\/index.php?rest_route=\/wp\/v2\/posts\/750\/revisions"}],"predecessor-version":[{"id":776,"href":"http:\/\/stamm-sma.de\/index.php?rest_route=\/wp\/v2\/posts\/750\/revisions\/776"}],"wp:attachment":[{"href":"http:\/\/stamm-sma.de\/index.php?rest_route=%2Fwp%2Fv2%2Fmedia&parent=750"}],"wp:term":[{"taxonomy":"category","embeddable":true,"href":"http:\/\/stamm-sma.de\/index.php?rest_route=%2Fwp%2Fv2%2Fcategories&post=750"},{"taxonomy":"post_tag","embeddable":true,"href":"http:\/\/stamm-sma.de\/index.php?rest_route=%2Fwp%2Fv2%2Ftags&post=750"}],"curies":[{"name":"wp","href":"https:\/\/api.w.org\/{rel}","templated":true}]}}