{"id":748,"date":"2022-11-27T16:37:41","date_gmt":"2022-11-27T16:37:41","guid":{"rendered":"http:\/\/stamm-sma.de\/?p=748"},"modified":"2022-11-27T16:37:42","modified_gmt":"2022-11-27T16:37:42","slug":"bundeslager-2022-2","status":"publish","type":"post","link":"http:\/\/stamm-sma.de\/?p=748","title":{"rendered":"Bundeslager 2022"},"content":{"rendered":"<p><em>am 16.08.2022<\/em><\/p>\n<p>Ein gro\u00dfes Highlight im Leben eines jeden Pfadfinders sind mit Sicherheit die Bundeslager (kurz: Bula), bei denen sich alle vier Jahre Pfadfinder aus ganz Deutschland zusammenfinden und gemeinsam ein Lager abhalten. Auch sind hier viele G\u00e4ste aus den unterschiedlichsten L\u00e4ndern vertreten, um den Austausch zwischen den Kulturen zu f\u00f6rdern.<\/p>\n<p>So war es auch dieses Jahr wieder soweit! \u00dcber 5.000 Pfadfinder aus allen Winkeln des Landes versammelten sich in am Zeltplatz der Jugendsiedlung Hochland in K\u00f6nigsdorf (Bad T\u00f6lz). Darunter waren auch einige Teilnehmer befreundeter St\u00e4mme aus aller Welt: Italien, Japan, Schweden, Amerika, T\u00fcrkei, Ukraine, Frankreich, Kanada und noch viele weitere.<\/p>\n<p>Wir nahmen dieses Mal in einer Stammesgruppe mit dem Stamm Fafnir aus Waldkraiburg und dem Stamm Bergl\u00f6wen aus Garmisch-Partenkirchen teil. F\u00fcr unseren Stamm war die Lage des Bulas in Bayern ein echtes Heimspiel, was den Materialtransport und die Anreise deutlich vereinfachte.&nbsp; Der Aufbau der Zelte ging routiniert und gekonnt vonstatten, hier konnte uns auch der aufkommende Regen nicht aus der Ruhe bringen. Am n\u00e4chsten Tag wurde das Lager in den einzelnen Unterlagern als auch vom gesamten Bund er\u00f6ffnet. Unter dem Motto &#8222;Traumwelten&#8220; soll die n\u00e4chsten zwei Wochen gemeinsam Visionen f\u00fcr eine neue, gemeinsame Zukunft entworfen werden.<\/p>\n<p>Mit diesem spannenden Thema gestalteten sich die folgenden Tage auch sehr bunt und abwechslungsreich. Es wurden Lagerbauten errichtet, sich in rasanten Gel\u00e4ndespielen duelliert und an gemeinsamen Singeabenden alte und neue Lieder geschmettert. Ein gro\u00dfes Highlight waren die &#8222;Caf\u00e9s&#8220;: In beeindruckenden Zeltkonstruktionen konnten sich die \u00e4lteren Pfadfinder am Abend zusammensetzen und bei einem k\u00fchlen Getr\u00e4nk Kraft tanken f\u00fcr den n\u00e4chsten Tag. In kleineren Erkundungstouren, den &#8222;Hajiks&#8220;, konnten die einzelnen Kleingruppen auf eigene Faust die malerische Gegend erkunden und Aufgaben l\u00f6sen.<\/p>\n<p>Es g\u00e4be noch vieles mehr zu berichten, was hier allerdings den Rahmen sprengen w\u00fcrde. Man kann nur efsthalten, dass dieses Lager f\u00fcr alle Teilnehmer unseres Stammes eine fantastische Erfahrung war, und die lange Wartezeit w\u00e4hrend der Pandemie sich auf jeden Fall gelohnt hat!<\/p>\n<p><img loading=\"lazy\" class=\"alignnone size-full wp-image-742\" src=\"http:\/\/stamm-sma.de\/wp-content\/uploads\/2022\/11\/IMG-20220810-WA0003-e1667339368669.jpg\" alt=\"\" width=\"1794\" height=\"927\" srcset=\"http:\/\/stamm-sma.de\/wp-content\/uploads\/2022\/11\/IMG-20220810-WA0003-e1667339368669.jpg 1794w, http:\/\/stamm-sma.de\/wp-content\/uploads\/2022\/11\/IMG-20220810-WA0003-e1667339368669-300x155.jpg 300w, http:\/\/stamm-sma.de\/wp-content\/uploads\/2022\/11\/IMG-20220810-WA0003-e1667339368669-1024x529.jpg 1024w, http:\/\/stamm-sma.de\/wp-content\/uploads\/2022\/11\/IMG-20220810-WA0003-e1667339368669-768x397.jpg 768w, http:\/\/stamm-sma.de\/wp-content\/uploads\/2022\/11\/IMG-20220810-WA0003-e1667339368669-1536x794.jpg 1536w\" sizes=\"(max-width: 1794px) 100vw, 1794px\" \/><\/p>\n","protected":false},"excerpt":{"rendered":"<p>am 16.08.2022 Ein gro\u00dfes Highlight im Leben eines jeden Pfadfinders sind mit Sicherheit die Bundeslager (kurz: Bula), bei denen sich alle vier Jahre Pfadfinder aus ganz Deutschland zusammenfinden und gemeinsam ein Lager abhalten. Auch sind hier viele G\u00e4ste aus den unterschiedlichsten L\u00e4ndern vertreten, um den Austausch zwischen den Kulturen zu f\u00f6rdern. So war es auch [&hellip;]<\/p>\n","protected":false},"author":1,"featured_media":0,"comment_status":"open","ping_status":"open","sticky":false,"template":"","format":"standard","meta":{"ngg_post_thumbnail":0},"categories":[1],"tags":[],"_links":{"self":[{"href":"http:\/\/stamm-sma.de\/index.php?rest_route=\/wp\/v2\/posts\/748"}],"collection":[{"href":"http:\/\/stamm-sma.de\/index.php?rest_route=\/wp\/v2\/posts"}],"about":[{"href":"http:\/\/stamm-sma.de\/index.php?rest_route=\/wp\/v2\/types\/post"}],"author":[{"embeddable":true,"href":"http:\/\/stamm-sma.de\/index.php?rest_route=\/wp\/v2\/users\/1"}],"replies":[{"embeddable":true,"href":"http:\/\/stamm-sma.de\/index.php?rest_route=%2Fwp%2Fv2%2Fcomments&post=748"}],"version-history":[{"count":1,"href":"http:\/\/stamm-sma.de\/index.php?rest_route=\/wp\/v2\/posts\/748\/revisions"}],"predecessor-version":[{"id":749,"href":"http:\/\/stamm-sma.de\/index.php?rest_route=\/wp\/v2\/posts\/748\/revisions\/749"}],"wp:attachment":[{"href":"http:\/\/stamm-sma.de\/index.php?rest_route=%2Fwp%2Fv2%2Fmedia&parent=748"}],"wp:term":[{"taxonomy":"category","embeddable":true,"href":"http:\/\/stamm-sma.de\/index.php?rest_route=%2Fwp%2Fv2%2Fcategories&post=748"},{"taxonomy":"post_tag","embeddable":true,"href":"http:\/\/stamm-sma.de\/index.php?rest_route=%2Fwp%2Fv2%2Ftags&post=748"}],"curies":[{"name":"wp","href":"https:\/\/api.w.org\/{rel}","templated":true}]}}