{"id":695,"date":"2021-12-06T20:11:18","date_gmt":"2021-12-06T20:11:18","guid":{"rendered":"http:\/\/stamm-sma.de\/?p=695"},"modified":"2021-12-06T20:17:46","modified_gmt":"2021-12-06T20:17:46","slug":"der-schwarze-mustang-live-auf-radio-buh","status":"publish","type":"post","link":"http:\/\/stamm-sma.de\/?p=695","title":{"rendered":"Der Schwarze Mustang &#8211; Live auf Radio Buh !!"},"content":{"rendered":"<p><em>am 06.12.2021<\/em><\/p>\n<p>Unserem Stamm wurde erst eine besondere Ehre zuteil. Im Zuge unserer Klausurtagung wurden wir vom lokalen Radiosender &#8222;Radio Buh&#8220; besucht! Dieser Radiosender wurde von der Musikgruppe LaBrassBanda und Evi Dettl ins Leben gerufen. Hier wird (noch) unbekannten regionalen K\u00fcnstlern eine Plattform geboten, um ihre Musik bekannt zu machen. Doch dreht sich auch viel um soziale Projekte und ehrenamtliches Engagement von Vereinen.<\/p>\n<p>In diesem Zug ist Evi Dettl bei unserer Herbst-Klausurtagung vorbeigekommen und hat unsere F\u00fchrungsriege zu allerei Sachen rund um unseren Stamm und die Pfadfinderei im Allgemeinen befragt. Unsere Vertreter waren hier Christina Irger (1. Staf\u00fc), Michael Kopschinski (2. Staf\u00fc) und Annalena Rengis (\u00d6ffentlichkeitsarbeit). Die drei haben das ganz locker und entspannt \u00fcber die B\u00fchne gebracht, h\u00f6rt doch einfach mal rein, es lohnt sich \ud83d\ude09<\/p>\n<p>Hier gibts den <a href=\"https:\/\/soundcloud.com\/buh-rocks\/pfadfinder\">Link<\/a> f\u00fcr euch&#8230;<\/p>\n<p>&nbsp;<\/p>\n<p><img loading=\"lazy\" class=\"\" src=\"https:\/\/www.radio.de\/images\/broadcasts\/8b\/77\/34136\/1\/c300.png\" alt=\"Radio BUH | Live per Webradio h\u00f6ren\" width=\"252\" height=\"252\"><\/p>\n<p><em>radio.de<\/em><\/p>\n<p>&nbsp;<\/p>\n","protected":false},"excerpt":{"rendered":"<p>am 06.12.2021 Unserem Stamm wurde erst eine besondere Ehre zuteil. Im Zuge unserer Klausurtagung wurden wir vom lokalen Radiosender &#8222;Radio Buh&#8220; besucht! Dieser Radiosender wurde von der Musikgruppe LaBrassBanda und Evi Dettl ins Leben gerufen. Hier wird (noch) unbekannten regionalen K\u00fcnstlern eine Plattform geboten, um ihre Musik bekannt zu machen. Doch dreht sich auch viel [&hellip;]<\/p>\n","protected":false},"author":1,"featured_media":0,"comment_status":"open","ping_status":"open","sticky":false,"template":"","format":"standard","meta":{"ngg_post_thumbnail":0},"categories":[1],"tags":[],"_links":{"self":[{"href":"http:\/\/stamm-sma.de\/index.php?rest_route=\/wp\/v2\/posts\/695"}],"collection":[{"href":"http:\/\/stamm-sma.de\/index.php?rest_route=\/wp\/v2\/posts"}],"about":[{"href":"http:\/\/stamm-sma.de\/index.php?rest_route=\/wp\/v2\/types\/post"}],"author":[{"embeddable":true,"href":"http:\/\/stamm-sma.de\/index.php?rest_route=\/wp\/v2\/users\/1"}],"replies":[{"embeddable":true,"href":"http:\/\/stamm-sma.de\/index.php?rest_route=%2Fwp%2Fv2%2Fcomments&post=695"}],"version-history":[{"count":4,"href":"http:\/\/stamm-sma.de\/index.php?rest_route=\/wp\/v2\/posts\/695\/revisions"}],"predecessor-version":[{"id":700,"href":"http:\/\/stamm-sma.de\/index.php?rest_route=\/wp\/v2\/posts\/695\/revisions\/700"}],"wp:attachment":[{"href":"http:\/\/stamm-sma.de\/index.php?rest_route=%2Fwp%2Fv2%2Fmedia&parent=695"}],"wp:term":[{"taxonomy":"category","embeddable":true,"href":"http:\/\/stamm-sma.de\/index.php?rest_route=%2Fwp%2Fv2%2Fcategories&post=695"},{"taxonomy":"post_tag","embeddable":true,"href":"http:\/\/stamm-sma.de\/index.php?rest_route=%2Fwp%2Fv2%2Ftags&post=695"}],"curies":[{"name":"wp","href":"https:\/\/api.w.org\/{rel}","templated":true}]}}