{"id":666,"date":"2021-11-01T12:22:57","date_gmt":"2021-11-01T12:22:57","guid":{"rendered":"http:\/\/stamm-sma.de\/?p=666"},"modified":"2021-11-01T12:22:59","modified_gmt":"2021-11-01T12:22:59","slug":"unser-sommer-2021","status":"publish","type":"post","link":"http:\/\/stamm-sma.de\/?p=666","title":{"rendered":"Unser Sommer 2021"},"content":{"rendered":"<p><em>am 15.09.2021<\/em><\/p>\n<p>In diesem Jahr konnten wir endlich wieder ein Programm durchziehen, so wie wir es ohne Pandemie und drumherum gewohnt sind. Eine Voraussetzung war hierf\u00fcr, dass sich alle Teilnehmer regelm\u00e4\u00dfig testen lie\u00dfen und wir die Gr\u00f6\u00dfe der Gruppen reduziert haben.<\/p>\n<p>So hatte die Meute sowie die Gilde eine separate Aktion, die jeweils sich \u00fcber ein Wochenende erstreckte. Beide Kurz-Lager fanden an unserem Stammesheim &#8222;Foxbau&#8220; statt, der f\u00fcr solche Aktionen bestens geeignet ist. Es wurde viel gespielt, geschnitzt, gesungen und der Tag mit spannenden Geschichten beendet. Das wichtigste war aber vor allem, dass unsere Mitglieder endlich wieder ein richtiges Lager miteinander verbringen konnten. So lebt ein Stamm doch seinen Aktionen, und dem Gemeinschaftsgef\u00fchl, dass sich w\u00e4hrenddessen zwischen den Teilnehmer aufbaut.<\/p>\n<p>Auch konnten wir zum Abschluss des Sommers wieder unser etabliertes Ferienprogramm f\u00fcr die Kinder aus den Orten des Achentals anbieten. Hier konnten die Teilnehmer etwas reinschnuppern, was unsere Arbeit als Pfadfinder ausmacht und was es alles mit uns zu erleben und entdecken gibt. Die Kinder konnten an verschiedenen Stationen miteinander basteln, r\u00e4tseln, spielen und sich einfach mal wieder voll austoben.&nbsp;<\/p>\n<p><img loading=\"lazy\" class=\"alignnone size-medium wp-image-667\" src=\"http:\/\/stamm-sma.de\/wp-content\/uploads\/2021\/11\/IMG-20210814-WA0024-169x300.jpg\" alt=\"\" width=\"169\" height=\"300\" srcset=\"http:\/\/stamm-sma.de\/wp-content\/uploads\/2021\/11\/IMG-20210814-WA0024-169x300.jpg 169w, http:\/\/stamm-sma.de\/wp-content\/uploads\/2021\/11\/IMG-20210814-WA0024-576x1024.jpg 576w, http:\/\/stamm-sma.de\/wp-content\/uploads\/2021\/11\/IMG-20210814-WA0024-768x1365.jpg 768w, http:\/\/stamm-sma.de\/wp-content\/uploads\/2021\/11\/IMG-20210814-WA0024-864x1536.jpg 864w, http:\/\/stamm-sma.de\/wp-content\/uploads\/2021\/11\/IMG-20210814-WA0024.jpg 900w\" sizes=\"(max-width: 169px) 100vw, 169px\" \/><\/p>\n\n\n<p><\/p>\n","protected":false},"excerpt":{"rendered":"<p>am 15.09.2021 In diesem Jahr konnten wir endlich wieder ein Programm durchziehen, so wie wir es ohne Pandemie und drumherum gewohnt sind. Eine Voraussetzung war hierf\u00fcr, dass sich alle Teilnehmer regelm\u00e4\u00dfig testen lie\u00dfen und wir die Gr\u00f6\u00dfe der Gruppen reduziert haben. So hatte die Meute sowie die Gilde eine separate Aktion, die jeweils sich \u00fcber [&hellip;]<\/p>\n","protected":false},"author":1,"featured_media":0,"comment_status":"open","ping_status":"open","sticky":false,"template":"","format":"standard","meta":{"ngg_post_thumbnail":0},"categories":[1],"tags":[],"_links":{"self":[{"href":"http:\/\/stamm-sma.de\/index.php?rest_route=\/wp\/v2\/posts\/666"}],"collection":[{"href":"http:\/\/stamm-sma.de\/index.php?rest_route=\/wp\/v2\/posts"}],"about":[{"href":"http:\/\/stamm-sma.de\/index.php?rest_route=\/wp\/v2\/types\/post"}],"author":[{"embeddable":true,"href":"http:\/\/stamm-sma.de\/index.php?rest_route=\/wp\/v2\/users\/1"}],"replies":[{"embeddable":true,"href":"http:\/\/stamm-sma.de\/index.php?rest_route=%2Fwp%2Fv2%2Fcomments&post=666"}],"version-history":[{"count":1,"href":"http:\/\/stamm-sma.de\/index.php?rest_route=\/wp\/v2\/posts\/666\/revisions"}],"predecessor-version":[{"id":668,"href":"http:\/\/stamm-sma.de\/index.php?rest_route=\/wp\/v2\/posts\/666\/revisions\/668"}],"wp:attachment":[{"href":"http:\/\/stamm-sma.de\/index.php?rest_route=%2Fwp%2Fv2%2Fmedia&parent=666"}],"wp:term":[{"taxonomy":"category","embeddable":true,"href":"http:\/\/stamm-sma.de\/index.php?rest_route=%2Fwp%2Fv2%2Fcategories&post=666"},{"taxonomy":"post_tag","embeddable":true,"href":"http:\/\/stamm-sma.de\/index.php?rest_route=%2Fwp%2Fv2%2Ftags&post=666"}],"curies":[{"name":"wp","href":"https:\/\/api.w.org\/{rel}","templated":true}]}}