{"id":549,"date":"2020-09-27T11:18:40","date_gmt":"2020-09-27T11:18:40","guid":{"rendered":"http:\/\/stamm-sma.de\/?p=549"},"modified":"2020-09-27T11:22:44","modified_gmt":"2020-09-27T11:22:44","slug":"endlich-wieder-gruppenstunden","status":"publish","type":"post","link":"http:\/\/stamm-sma.de\/?p=549","title":{"rendered":"Endlich wieder Gruppenstunden!"},"content":{"rendered":"<p><em>am 27.09.2020<\/em><\/p>\n<p>Nachdem sich die allgemeine Lage zumindest wieder etwas normalisiert hatte, haben wir vom Kreijugendring die Freigabe bekommen wieder Gruppenstunden durchf\u00fchren zu d\u00fcrfen &#8211; nat\u00fcrlich alles unter Einhaltung von Auflagen bez\u00fcglich Hygiene und Abstandhalten. Dies ist f\u00fcr uns als Gruppe \u00e4u\u00dferst wichtig, da unser Miteinander im Stamm von den regelm\u00e4\u00dfigen Treffen der einzelnen Gruppen lebt.<\/p>\n<p>Mit Beginn des neuen Schuljahres halten unsere Meute und Gilde wieder regelm\u00e4\u00dfig w\u00f6chentliche Gruppenstunden ab. Kaum n\u00f6tig zu erw\u00e4hnen, dass hier die Freude bei allen Beteiligten rie\u00dfig war! Wir sind zwar immer noch weit vom Normalzustand entfernt, aber doch k\u00f6nnen wir so in einem gewissen Rahmen ein aktives Stammesleben wieder aufnehmen.<\/p>\n<p>Bei Interesse zu den genauen Zeiten der Gruppen, falls ihr mal bei uns vorbeischauen wollt: Einfach eine kleine Nachricht in unserm Kontaktformular hinterlassen, wir melden uns dann so schnell wie m\u00f6glich bei euch \ud83d\ude09<\/p>\n<p>Wie es in den n\u00e4chsten Wochen und Monaten weitergehen wird, wissen wir nicht genau, so wie das keiner wirklich absch\u00e4tzen kann. Aber wir machen das Beste daraus, was jetzt m\u00f6glich ist. Denn wie hat ein gro\u00dfer deutscher Physiker schon einmal treffend erw\u00e4hnt:<\/p>\n<blockquote><p><em>&#8222;Ich denke nie an die Zukunft. Sie kommt fr\u00fch genug.&#8220;<\/em><\/p>\n<p><em>Albert Einstein<\/em><\/p><\/blockquote>\n<p>Also macht es gut, bleibt gesund und Gut Pfad!<\/p>\n<p>Euer Stefan<\/p>\n<p>&nbsp;<\/p>\n","protected":false},"excerpt":{"rendered":"<p>am 27.09.2020 Nachdem sich die allgemeine Lage zumindest wieder etwas normalisiert hatte, haben wir vom Kreijugendring die Freigabe bekommen wieder Gruppenstunden durchf\u00fchren zu d\u00fcrfen &#8211; nat\u00fcrlich alles unter Einhaltung von Auflagen bez\u00fcglich Hygiene und Abstandhalten. Dies ist f\u00fcr uns als Gruppe \u00e4u\u00dferst wichtig, da unser Miteinander im Stamm von den regelm\u00e4\u00dfigen Treffen der einzelnen Gruppen [&hellip;]<\/p>\n","protected":false},"author":1,"featured_media":0,"comment_status":"open","ping_status":"open","sticky":false,"template":"","format":"standard","meta":{"ngg_post_thumbnail":0},"categories":[1],"tags":[],"_links":{"self":[{"href":"http:\/\/stamm-sma.de\/index.php?rest_route=\/wp\/v2\/posts\/549"}],"collection":[{"href":"http:\/\/stamm-sma.de\/index.php?rest_route=\/wp\/v2\/posts"}],"about":[{"href":"http:\/\/stamm-sma.de\/index.php?rest_route=\/wp\/v2\/types\/post"}],"author":[{"embeddable":true,"href":"http:\/\/stamm-sma.de\/index.php?rest_route=\/wp\/v2\/users\/1"}],"replies":[{"embeddable":true,"href":"http:\/\/stamm-sma.de\/index.php?rest_route=%2Fwp%2Fv2%2Fcomments&post=549"}],"version-history":[{"count":5,"href":"http:\/\/stamm-sma.de\/index.php?rest_route=\/wp\/v2\/posts\/549\/revisions"}],"predecessor-version":[{"id":555,"href":"http:\/\/stamm-sma.de\/index.php?rest_route=\/wp\/v2\/posts\/549\/revisions\/555"}],"wp:attachment":[{"href":"http:\/\/stamm-sma.de\/index.php?rest_route=%2Fwp%2Fv2%2Fmedia&parent=549"}],"wp:term":[{"taxonomy":"category","embeddable":true,"href":"http:\/\/stamm-sma.de\/index.php?rest_route=%2Fwp%2Fv2%2Fcategories&post=549"},{"taxonomy":"post_tag","embeddable":true,"href":"http:\/\/stamm-sma.de\/index.php?rest_route=%2Fwp%2Fv2%2Ftags&post=549"}],"curies":[{"name":"wp","href":"https:\/\/api.w.org\/{rel}","templated":true}]}}