{"id":368,"date":"2020-04-04T11:30:20","date_gmt":"2020-04-04T11:30:20","guid":{"rendered":"http:\/\/stamm-sma.de\/?p=368"},"modified":"2020-04-05T12:47:31","modified_gmt":"2020-04-05T12:47:31","slug":"zitat-des-tages","status":"publish","type":"post","link":"http:\/\/stamm-sma.de\/?p=368","title":{"rendered":"Zitat des Tages"},"content":{"rendered":"<p><em>am 04.04.2020<\/em><\/p>\n<p>Eben bin ich auf dieses Zitat gesto\u00dfen, was ich nat\u00fcrlich sonst auch, aber besonders in unserer aktuelle Lage passend finde:<\/p>\n<p><em>&#8222;Wir sind nur so stark, wie wir vereint sind und so schwach, wie wir getrennt sind.&#8220;<br \/>\n<\/em><\/p>\n<p>von J. K. Rowling, aus &#8222;Harry Potter und der Feuerkelch&#8220;<\/p>\n<p>Im Moment \u00fcbrigens eine gute Gelegenheit mal wieder einen Blick in diese fantastischen B\u00fccher zu werfen. Und wer das bis jetzt vers\u00e4umt hat, findet hoffentlich nun endlich die Zeit und Muse daf\u00fcr \ud83d\ude09<\/p>\n<p>Liebe Gr\u00fc\u00dfe und bleibt gesund,<br \/>\neuer Stefan<\/p>\n","protected":false},"excerpt":{"rendered":"<p>am 04.04.2020 Eben bin ich auf dieses Zitat gesto\u00dfen, was ich nat\u00fcrlich sonst auch, aber besonders in unserer aktuelle Lage passend finde: &#8222;Wir sind nur so stark, wie wir vereint sind und so schwach, wie wir getrennt sind.&#8220; von J. K. Rowling, aus &#8222;Harry Potter und der Feuerkelch&#8220; Im Moment \u00fcbrigens eine gute Gelegenheit mal [&hellip;]<\/p>\n","protected":false},"author":1,"featured_media":0,"comment_status":"open","ping_status":"open","sticky":false,"template":"","format":"standard","meta":{"ngg_post_thumbnail":0},"categories":[7],"tags":[],"_links":{"self":[{"href":"http:\/\/stamm-sma.de\/index.php?rest_route=\/wp\/v2\/posts\/368"}],"collection":[{"href":"http:\/\/stamm-sma.de\/index.php?rest_route=\/wp\/v2\/posts"}],"about":[{"href":"http:\/\/stamm-sma.de\/index.php?rest_route=\/wp\/v2\/types\/post"}],"author":[{"embeddable":true,"href":"http:\/\/stamm-sma.de\/index.php?rest_route=\/wp\/v2\/users\/1"}],"replies":[{"embeddable":true,"href":"http:\/\/stamm-sma.de\/index.php?rest_route=%2Fwp%2Fv2%2Fcomments&post=368"}],"version-history":[{"count":4,"href":"http:\/\/stamm-sma.de\/index.php?rest_route=\/wp\/v2\/posts\/368\/revisions"}],"predecessor-version":[{"id":391,"href":"http:\/\/stamm-sma.de\/index.php?rest_route=\/wp\/v2\/posts\/368\/revisions\/391"}],"wp:attachment":[{"href":"http:\/\/stamm-sma.de\/index.php?rest_route=%2Fwp%2Fv2%2Fmedia&parent=368"}],"wp:term":[{"taxonomy":"category","embeddable":true,"href":"http:\/\/stamm-sma.de\/index.php?rest_route=%2Fwp%2Fv2%2Fcategories&post=368"},{"taxonomy":"post_tag","embeddable":true,"href":"http:\/\/stamm-sma.de\/index.php?rest_route=%2Fwp%2Fv2%2Ftags&post=368"}],"curies":[{"name":"wp","href":"https:\/\/api.w.org\/{rel}","templated":true}]}}